{"id":66519,"date":"2017-04-24T03:03:07","date_gmt":"2017-04-24T02:03:07","guid":{"rendered":"http:\/\/www.tranches-de-marketing.com\/veille\/fillon-maintient-sa-candidature-au-second-tour-je-refuse-quon-vole-cette-election-au-peuple-francais\/"},"modified":"2017-04-24T03:03:07","modified_gmt":"2017-04-24T02:03:07","slug":"fillon-maintient-sa-candidature-au-second-tour-je-refuse-quon-vole-cette-election-au-peuple-francais","status":"publish","type":"post","link":"http:\/\/www.tranches-de-marketing.com\/veille\/fillon-maintient-sa-candidature-au-second-tour-je-refuse-quon-vole-cette-election-au-peuple-francais\/","title":{"rendered":"Fillon maintient sa candidature au second tour : \u00ab je refuse qu\u2019on vole cette \u00e9lection au peuple fran\u00e7ais \u00bb"},"content":{"rendered":"<p>Malgr\u00e9 sa troisi\u00e8me place, Fran\u00e7ois Fillon annonce se maintenir pour le second tour de l&rsquo;\u00e9lection pr\u00e9sidentielle. <\/p>\n<p>Source: <a href=\"http:\/\/www.legorafi.fr\/2017\/04\/23\/fillon-maintient-sa-candidature-au-second-tour-je-refuse-quon-vole-cette-election-au-peuple-francais\/\" rel=\"dofollow\">Fillon maintient sa candidature au second tour : \u00ab je refuse qu\u2019on vole cette \u00e9lection au peuple fran\u00e7ais \u00bb<\/a><\/p>\n","protected":false},"excerpt":{"rendered":"<p>Malgr\u00e9 sa troisi\u00e8me place, Fran\u00e7ois Fillon annonce se maintenir pour le second tour de l&rsquo;\u00e9lection pr\u00e9sidentielle. Source: Fillon maintient sa candidature au second tour : \u00ab je refuse qu\u2019on vole cette \u00e9lection au peuple fran\u00e7ais \u00bb<\/p>\n","protected":false},"author":1,"featured_media":0,"comment_status":"closed","ping_status":"closed","sticky":false,"template":"","format":"standard","meta":[],"categories":[5],"tags":[],"_links":{"self":[{"href":"http:\/\/www.tranches-de-marketing.com\/veille\/wp-json\/wp\/v2\/posts\/66519"}],"collection":[{"href":"http:\/\/www.tranches-de-marketing.com\/veille\/wp-json\/wp\/v2\/posts"}],"about":[{"href":"http:\/\/www.tranches-de-marketing.com\/veille\/wp-json\/wp\/v2\/types\/post"}],"author":[{"embeddable":true,"href":"http:\/\/www.tranches-de-marketing.com\/veille\/wp-json\/wp\/v2\/users\/1"}],"replies":[{"embeddable":true,"href":"http:\/\/www.tranches-de-marketing.com\/veille\/wp-json\/wp\/v2\/comments?post=66519"}],"version-history":[{"count":0,"href":"http:\/\/www.tranches-de-marketing.com\/veille\/wp-json\/wp\/v2\/posts\/66519\/revisions"}],"wp:attachment":[{"href":"http:\/\/www.tranches-de-marketing.com\/veille\/wp-json\/wp\/v2\/media?parent=66519"}],"wp:term":[{"taxonomy":"category","embeddable":true,"href":"http:\/\/www.tranches-de-marketing.com\/veille\/wp-json\/wp\/v2\/categories?post=66519"},{"taxonomy":"post_tag","embeddable":true,"href":"http:\/\/www.tranches-de-marketing.com\/veille\/wp-json\/wp\/v2\/tags?post=66519"}],"curies":[{"name":"wp","href":"https:\/\/api.w.org\/{rel}","templated":true}]}}