{"id":149213,"date":"2022-03-02T14:59:20","date_gmt":"2022-03-02T13:59:20","guid":{"rendered":"http:\/\/www.tranches-de-marketing.com\/veille\/alba\/"},"modified":"2022-03-02T14:59:20","modified_gmt":"2022-03-02T13:59:20","slug":"alba","status":"publish","type":"post","link":"http:\/\/www.tranches-de-marketing.com\/veille\/alba\/","title":{"rendered":"alba"},"content":{"rendered":"<p>Alba d\u00e9mocratise les matelas naturels et \u00e9co-responsables. Son but : rendre accessible le sommeil sain et r\u00e9parateur, \u00e0 un prix \u00e9gal au literies chimiques.<\/p>\n<p>Source: <a href=\"https:\/\/www.jaimelesstartups.fr\/alba-matelas-ecologique\/?utm_source=flipboard&amp;utm_medium=flipboard_rss&amp;utm_campaign=j%26%23039%3Baime+les+startups\" rel=\"dofollow\">alba<\/a><\/p>\n","protected":false},"excerpt":{"rendered":"<p>Alba d\u00e9mocratise les matelas naturels et \u00e9co-responsables. Son but : rendre accessible le sommeil sain et r\u00e9parateur, \u00e0 un prix \u00e9gal au literies chimiques. Source: alba<\/p>\n","protected":false},"author":1,"featured_media":0,"comment_status":"closed","ping_status":"closed","sticky":false,"template":"","format":"standard","meta":[],"categories":[8],"tags":[],"_links":{"self":[{"href":"http:\/\/www.tranches-de-marketing.com\/veille\/wp-json\/wp\/v2\/posts\/149213"}],"collection":[{"href":"http:\/\/www.tranches-de-marketing.com\/veille\/wp-json\/wp\/v2\/posts"}],"about":[{"href":"http:\/\/www.tranches-de-marketing.com\/veille\/wp-json\/wp\/v2\/types\/post"}],"author":[{"embeddable":true,"href":"http:\/\/www.tranches-de-marketing.com\/veille\/wp-json\/wp\/v2\/users\/1"}],"replies":[{"embeddable":true,"href":"http:\/\/www.tranches-de-marketing.com\/veille\/wp-json\/wp\/v2\/comments?post=149213"}],"version-history":[{"count":0,"href":"http:\/\/www.tranches-de-marketing.com\/veille\/wp-json\/wp\/v2\/posts\/149213\/revisions"}],"wp:attachment":[{"href":"http:\/\/www.tranches-de-marketing.com\/veille\/wp-json\/wp\/v2\/media?parent=149213"}],"wp:term":[{"taxonomy":"category","embeddable":true,"href":"http:\/\/www.tranches-de-marketing.com\/veille\/wp-json\/wp\/v2\/categories?post=149213"},{"taxonomy":"post_tag","embeddable":true,"href":"http:\/\/www.tranches-de-marketing.com\/veille\/wp-json\/wp\/v2\/tags?post=149213"}],"curies":[{"name":"wp","href":"https:\/\/api.w.org\/{rel}","templated":true}]}}