{"id":124301,"date":"2020-03-06T02:59:26","date_gmt":"2020-03-06T01:59:26","guid":{"rendered":"http:\/\/www.tranches-de-marketing.com\/veille\/telegrafik\/"},"modified":"2020-03-06T02:59:26","modified_gmt":"2020-03-06T01:59:26","slug":"telegrafik","status":"publish","type":"post","link":"http:\/\/www.tranches-de-marketing.com\/veille\/telegrafik\/","title":{"rendered":"Telegrafik"},"content":{"rendered":"<p><img loading=\"lazy\" width=\"300\" height=\"212\" src=\"data:image\/gif;base64,R0lGODdhAQABAPAAAP\/\/\/wAAACwAAAAAAQABAEACAkQBADs=\" data-lazy-src=\"https:\/\/www.jaimelesstartups.fr\/wp-content\/uploads\/2020\/03\/Smartphone_app-Otono-me_01-300x212.png\" class=\"attachment-medium size-medium\" alt=\"Logo de la startup Telegrafik\" \/><noscript><img loading=\"lazy\" width=\"300\" height=\"212\" src=\"https:\/\/www.jaimelesstartups.fr\/wp-content\/uploads\/2020\/03\/Smartphone_app-Otono-me_01-300x212.png\" class=\"attachment-medium size-medium\" alt=\"Logo de la startup Telegrafik\" \/><\/noscript>Silver Economie &#8211; Telegrafik acc\u00e9l\u00e8re son d\u00e9veloppement et l\u00e8ve pour la deuxi\u00e8me fois 1 million d\u2019euros<\/p>\n<p>The post <a rel=\"nofollow\" href=\"https:\/\/www.jaimelesstartups.fr\/news\/telegrafik-levee-de-fonds\/\">Telegrafik<\/a> appeared first on <a rel=\"nofollow\" href=\"https:\/\/www.jaimelesstartups.fr\">J&#039;aime les startups<\/a>.<\/p>\n<p>Source: <a href=\"https:\/\/www.jaimelesstartups.fr\/news\/telegrafik-levee-de-fonds\/?utm_source=flipboard&amp;utm_medium=flipboard_rss&amp;utm_campaign=j%26%23039%3Baime+les+startups\" rel=\"dofollow\">Telegrafik<\/a><\/p>\n","protected":false},"excerpt":{"rendered":"<p>Silver Economie &#8211; Telegrafik acc\u00e9l\u00e8re son d\u00e9veloppement et l\u00e8ve pour la deuxi\u00e8me fois 1 million d\u2019euros The post Telegrafik appeared first on J&#039;aime les startups. Source: Telegrafik<\/p>\n","protected":false},"author":1,"featured_media":0,"comment_status":"closed","ping_status":"closed","sticky":false,"template":"","format":"standard","meta":[],"categories":[8],"tags":[],"_links":{"self":[{"href":"http:\/\/www.tranches-de-marketing.com\/veille\/wp-json\/wp\/v2\/posts\/124301"}],"collection":[{"href":"http:\/\/www.tranches-de-marketing.com\/veille\/wp-json\/wp\/v2\/posts"}],"about":[{"href":"http:\/\/www.tranches-de-marketing.com\/veille\/wp-json\/wp\/v2\/types\/post"}],"author":[{"embeddable":true,"href":"http:\/\/www.tranches-de-marketing.com\/veille\/wp-json\/wp\/v2\/users\/1"}],"replies":[{"embeddable":true,"href":"http:\/\/www.tranches-de-marketing.com\/veille\/wp-json\/wp\/v2\/comments?post=124301"}],"version-history":[{"count":0,"href":"http:\/\/www.tranches-de-marketing.com\/veille\/wp-json\/wp\/v2\/posts\/124301\/revisions"}],"wp:attachment":[{"href":"http:\/\/www.tranches-de-marketing.com\/veille\/wp-json\/wp\/v2\/media?parent=124301"}],"wp:term":[{"taxonomy":"category","embeddable":true,"href":"http:\/\/www.tranches-de-marketing.com\/veille\/wp-json\/wp\/v2\/categories?post=124301"},{"taxonomy":"post_tag","embeddable":true,"href":"http:\/\/www.tranches-de-marketing.com\/veille\/wp-json\/wp\/v2\/tags?post=124301"}],"curies":[{"name":"wp","href":"https:\/\/api.w.org\/{rel}","templated":true}]}}