{"id":123722,"date":"2020-02-27T01:59:27","date_gmt":"2020-02-27T00:59:27","guid":{"rendered":"http:\/\/www.tranches-de-marketing.com\/veille\/legalstart\/"},"modified":"2020-02-27T01:59:27","modified_gmt":"2020-02-27T00:59:27","slug":"legalstart","status":"publish","type":"post","link":"http:\/\/www.tranches-de-marketing.com\/veille\/legalstart\/","title":{"rendered":"Legalstart"},"content":{"rendered":"<p><img loading=\"lazy\" width=\"200\" height=\"200\" src=\"data:image\/gif;base64,R0lGODdhAQABAPAAAP\/\/\/wAAACwAAAAAAQABAEACAkQBADs=\" data-lazy-src=\"https:\/\/www.jaimelesstartups.fr\/wp-content\/uploads\/2020\/02\/legalstart.png\" class=\"attachment-medium size-medium\" alt=\"Logo de la startup Legalstart\" \/><noscript><img loading=\"lazy\" width=\"200\" height=\"200\" src=\"https:\/\/www.jaimelesstartups.fr\/wp-content\/uploads\/2020\/02\/legalstart.png\" class=\"attachment-medium size-medium\" alt=\"Logo de la startup Legalstart\" \/><\/noscript>Etude : Entrepreneuriat et territoires \u00ab\u00a0Les fran\u00e7ais des zones rurales estiment \u00eatre dans de moins bonnes dispositions pour cr\u00e9er leur entreprise que ceux des grandes villes\u00a0\u00bb<\/p>\n<p>The post <a rel=\"nofollow\" href=\"https:\/\/www.jaimelesstartups.fr\/news\/legalstart-publie-une-etude-axee-sur-lentrepreneuriat-et-les-territoires\/\">Legalstart<\/a> appeared first on <a rel=\"nofollow\" href=\"https:\/\/www.jaimelesstartups.fr\">J&#039;aime les startups<\/a>.<\/p>\n<p>Source: <a href=\"https:\/\/www.jaimelesstartups.fr\/news\/legalstart-publie-une-etude-axee-sur-lentrepreneuriat-et-les-territoires\/?utm_source=flipboard&amp;utm_medium=flipboard_rss&amp;utm_campaign=j%26%23039%3Baime+les+startups\" rel=\"dofollow\">Legalstart<\/a><\/p>\n","protected":false},"excerpt":{"rendered":"<p>Etude : Entrepreneuriat et territoires \u00ab\u00a0Les fran\u00e7ais des zones rurales estiment \u00eatre dans de moins bonnes dispositions pour cr\u00e9er leur entreprise que ceux des grandes villes\u00a0\u00bb The post Legalstart appeared first on J&#039;aime les startups. Source: Legalstart<\/p>\n","protected":false},"author":1,"featured_media":0,"comment_status":"closed","ping_status":"closed","sticky":false,"template":"","format":"standard","meta":[],"categories":[8],"tags":[],"_links":{"self":[{"href":"http:\/\/www.tranches-de-marketing.com\/veille\/wp-json\/wp\/v2\/posts\/123722"}],"collection":[{"href":"http:\/\/www.tranches-de-marketing.com\/veille\/wp-json\/wp\/v2\/posts"}],"about":[{"href":"http:\/\/www.tranches-de-marketing.com\/veille\/wp-json\/wp\/v2\/types\/post"}],"author":[{"embeddable":true,"href":"http:\/\/www.tranches-de-marketing.com\/veille\/wp-json\/wp\/v2\/users\/1"}],"replies":[{"embeddable":true,"href":"http:\/\/www.tranches-de-marketing.com\/veille\/wp-json\/wp\/v2\/comments?post=123722"}],"version-history":[{"count":0,"href":"http:\/\/www.tranches-de-marketing.com\/veille\/wp-json\/wp\/v2\/posts\/123722\/revisions"}],"wp:attachment":[{"href":"http:\/\/www.tranches-de-marketing.com\/veille\/wp-json\/wp\/v2\/media?parent=123722"}],"wp:term":[{"taxonomy":"category","embeddable":true,"href":"http:\/\/www.tranches-de-marketing.com\/veille\/wp-json\/wp\/v2\/categories?post=123722"},{"taxonomy":"post_tag","embeddable":true,"href":"http:\/\/www.tranches-de-marketing.com\/veille\/wp-json\/wp\/v2\/tags?post=123722"}],"curies":[{"name":"wp","href":"https:\/\/api.w.org\/{rel}","templated":true}]}}