{"id":110478,"date":"2019-07-02T16:02:03","date_gmt":"2019-07-02T15:02:03","guid":{"rendered":"http:\/\/www.tranches-de-marketing.com\/veille\/kameleoon\/"},"modified":"2019-07-02T16:02:03","modified_gmt":"2019-07-02T15:02:03","slug":"kameleoon","status":"publish","type":"post","link":"http:\/\/www.tranches-de-marketing.com\/veille\/kameleoon\/","title":{"rendered":"Kameleoon"},"content":{"rendered":"<p><img loading=\"lazy\" width=\"300\" height=\"120\" src=\"data:image\/gif;base64,R0lGODdhAQABAPAAAP\/\/\/wAAACwAAAAAAQABAEACAkQBADs=\" data-lazy-src=\"http:\/\/www.jaimelesstartups.fr\/wp-content\/uploads\/2019\/07\/Blog-79-750x300-300x120.png\" class=\"attachment-medium size-medium\" alt=\"Logo de la startup Kameleoon\" \/><noscript><img loading=\"lazy\" width=\"300\" height=\"120\" src=\"http:\/\/www.jaimelesstartups.fr\/wp-content\/uploads\/2019\/07\/Blog-79-750x300-300x120.png\" class=\"attachment-medium size-medium\" alt=\"Logo de la startup Kameleoon\" \/><\/noscript>Kameleoon, le champion fran\u00e7ais des technologies de personnalisation digitale fond\u00e9es sur l\u2019Intelligence Artificielle, l\u00e8ve 5 millions d\u2019euros aupr\u00e8s d\u2019Odyss\u00e9e Venture et de ses actionnaires historiques, pour acc\u00e9l\u00e9rer son d\u00e9veloppement en Europe. Apr\u00e8s la France, l\u2019Allemagne, la Russie et l\u2019Italie, o\u00f9 la soci\u00e9t\u00e9 est leader et en forte croissance, c\u2019est en Europe du Nord et notamment au Royaume-Uni qu\u2019elle se d\u00e9ploie d\u00e9sormais. La mission de Kameleoon, depuis sa cr\u00e9ation, est d\u2019aider les entreprises \u00e0 am\u00e9liorer leur conversion et \u00e0 engager durablement les consommateurs sur le digital en permettant de mieux comprendre leurs comportements et leurs besoins et d\u2019y r\u00e9pondre de fa\u00e7on personnalis\u00e9e. Pour cela, Kameleoon a d\u00e9velopp\u00e9 une intelligence artificielle unique sur le march\u00e9, qui mesure l\u2019intention de conversion de chacun des visiteurs et individualise l\u2019exp\u00e9rience digitale. Son \u00e9quipe R&#038;D de plus de 50 d\u00e9veloppeurs men\u00e9e par Jean-No\u00ebl Rivasseau, CTO et fondateur de Kameleoon, lance en moyenne, une innovation majeure tous [&#8230;]<\/p>\n<p>The post <a rel=\"nofollow\" href=\"http:\/\/www.jaimelesstartups.fr\/news\/kameleoon-levee-de-fonds\/\">Kameleoon<\/a> appeared first on <a rel=\"nofollow\" href=\"http:\/\/www.jaimelesstartups.fr\">J&#039;aime les startups<\/a>.<\/p>\n<p>Source: <a href=\"http:\/\/www.jaimelesstartups.fr\/news\/kameleoon-levee-de-fonds\/?utm_source=flipboard&amp;utm_medium=flipboard_rss&amp;utm_campaign=j%26%23039%3Baime+les+startups\" rel=\"dofollow\">Kameleoon<\/a><\/p>\n","protected":false},"excerpt":{"rendered":"<p>Kameleoon, le champion fran\u00e7ais des technologies de personnalisation digitale fond\u00e9es sur l\u2019Intelligence Artificielle, l\u00e8ve 5 millions d\u2019euros aupr\u00e8s d\u2019Odyss\u00e9e Venture et de ses actionnaires historiques, pour acc\u00e9l\u00e9rer son d\u00e9veloppement en Europe. Apr\u00e8s la France, l\u2019Allemagne, la Russie et l\u2019Italie, o\u00f9 la soci\u00e9t\u00e9 est leader et en forte croissance, c\u2019est en [&hellip;]<\/p>\n","protected":false},"author":1,"featured_media":0,"comment_status":"closed","ping_status":"closed","sticky":false,"template":"","format":"standard","meta":[],"categories":[8],"tags":[],"_links":{"self":[{"href":"http:\/\/www.tranches-de-marketing.com\/veille\/wp-json\/wp\/v2\/posts\/110478"}],"collection":[{"href":"http:\/\/www.tranches-de-marketing.com\/veille\/wp-json\/wp\/v2\/posts"}],"about":[{"href":"http:\/\/www.tranches-de-marketing.com\/veille\/wp-json\/wp\/v2\/types\/post"}],"author":[{"embeddable":true,"href":"http:\/\/www.tranches-de-marketing.com\/veille\/wp-json\/wp\/v2\/users\/1"}],"replies":[{"embeddable":true,"href":"http:\/\/www.tranches-de-marketing.com\/veille\/wp-json\/wp\/v2\/comments?post=110478"}],"version-history":[{"count":0,"href":"http:\/\/www.tranches-de-marketing.com\/veille\/wp-json\/wp\/v2\/posts\/110478\/revisions"}],"wp:attachment":[{"href":"http:\/\/www.tranches-de-marketing.com\/veille\/wp-json\/wp\/v2\/media?parent=110478"}],"wp:term":[{"taxonomy":"category","embeddable":true,"href":"http:\/\/www.tranches-de-marketing.com\/veille\/wp-json\/wp\/v2\/categories?post=110478"},{"taxonomy":"post_tag","embeddable":true,"href":"http:\/\/www.tranches-de-marketing.com\/veille\/wp-json\/wp\/v2\/tags?post=110478"}],"curies":[{"name":"wp","href":"https:\/\/api.w.org\/{rel}","templated":true}]}}