{"id":105178,"date":"2019-04-01T18:02:58","date_gmt":"2019-04-01T17:02:58","guid":{"rendered":"http:\/\/www.tranches-de-marketing.com\/veille\/techstars\/"},"modified":"2019-04-01T18:02:58","modified_gmt":"2019-04-01T17:02:58","slug":"techstars","status":"publish","type":"post","link":"http:\/\/www.tranches-de-marketing.com\/veille\/techstars\/","title":{"rendered":"TECHSTARS"},"content":{"rendered":"<p><img loading=\"lazy\" width=\"300\" height=\"300\" src=\"data:image\/gif;base64,R0lGODdhAQABAPAAAP\/\/\/wAAACwAAAAAAQABAEACAkQBADs=\" data-lazy-src=\"http:\/\/www.jaimelesstartups.fr\/wp-content\/uploads\/2019\/04\/Logo-TS-Paris-3-300x300.png\" class=\"attachment-medium size-medium\" alt=\"Logo de la startup TECHSTARS\" \/><noscript><img loading=\"lazy\" width=\"300\" height=\"300\" src=\"http:\/\/www.jaimelesstartups.fr\/wp-content\/uploads\/2019\/04\/Logo-TS-Paris-3-300x300.png\" class=\"attachment-medium size-medium\" alt=\"Logo de la startup TECHSTARS\" \/><\/noscript>Vous avez lanc\u00e9 une cleantech et envisagez de candidater pour rejoindre l&#8217;acc\u00e9l\u00e9rateur de Techstars Paris ? Alors RDV le 2 avril prochain chez Techstars Paris pour en savoir plus sur les gros challenges d&#8217;Accor et GEFCO en mati\u00e8re de green industry. Par green industry, on entend smart building, logistics, solutions qui permette d&#8217;\u00e9conomiser de l&#8217;\u00e9nergie&#8230; Inscription Ici ! Une occasion unique d&#8217;en savoir plus sur Techstars et \u00e9changer avec des experts de chez GEFCO et Accor. Programme d\u00e9taill\u00e9 de l&#8217;\u00e9v\u00e8nement : 18h-18h15 : Rapide introduction de Techstars Paris 18h15-19h : Accor et GEFCO pr\u00e9sentent leurs challenges en termes de green industry 19h-19h30 : session questions r\u00e9ponses 19h30-20h: cocktail networking L&#8217;appel \u00e0 candidatures pour la saison 3 de Techstars Paris est ouvert ! Les startups les plus innovantes ont jusqu&#8217;au 12 mai pour postuler : bit.ly\/2EaeAjV A propos de Techstars : Techstars est un \u00e9cosyst\u00e8me global qui permet aux entrepreneurs innovants [&#8230;]<\/p>\n<p>The post <a rel=\"nofollow\" href=\"http:\/\/www.jaimelesstartups.fr\/news\/techstars-cleantech-saison-3\/\">TECHSTARS<\/a> appeared first on <a rel=\"nofollow\" href=\"http:\/\/www.jaimelesstartups.fr\">J&#039;aime les startups<\/a>.<\/p>\n<p>Source: <a href=\"http:\/\/www.jaimelesstartups.fr\/news\/techstars-cleantech-saison-3\/?utm_source=flipboard&amp;utm_medium=flipboard_rss&amp;utm_campaign=j%26%23039%3Baime+les+startups\" rel=\"dofollow\">TECHSTARS<\/a><\/p>\n","protected":false},"excerpt":{"rendered":"<p>Vous avez lanc\u00e9 une cleantech et envisagez de candidater pour rejoindre l&#8217;acc\u00e9l\u00e9rateur de Techstars Paris ? Alors RDV le 2 avril prochain chez Techstars Paris pour en savoir plus sur les gros challenges d&#8217;Accor et GEFCO en mati\u00e8re de green industry. Par green industry, on entend smart building, logistics, solutions [&hellip;]<\/p>\n","protected":false},"author":1,"featured_media":0,"comment_status":"closed","ping_status":"closed","sticky":false,"template":"","format":"standard","meta":[],"categories":[8],"tags":[],"_links":{"self":[{"href":"http:\/\/www.tranches-de-marketing.com\/veille\/wp-json\/wp\/v2\/posts\/105178"}],"collection":[{"href":"http:\/\/www.tranches-de-marketing.com\/veille\/wp-json\/wp\/v2\/posts"}],"about":[{"href":"http:\/\/www.tranches-de-marketing.com\/veille\/wp-json\/wp\/v2\/types\/post"}],"author":[{"embeddable":true,"href":"http:\/\/www.tranches-de-marketing.com\/veille\/wp-json\/wp\/v2\/users\/1"}],"replies":[{"embeddable":true,"href":"http:\/\/www.tranches-de-marketing.com\/veille\/wp-json\/wp\/v2\/comments?post=105178"}],"version-history":[{"count":0,"href":"http:\/\/www.tranches-de-marketing.com\/veille\/wp-json\/wp\/v2\/posts\/105178\/revisions"}],"wp:attachment":[{"href":"http:\/\/www.tranches-de-marketing.com\/veille\/wp-json\/wp\/v2\/media?parent=105178"}],"wp:term":[{"taxonomy":"category","embeddable":true,"href":"http:\/\/www.tranches-de-marketing.com\/veille\/wp-json\/wp\/v2\/categories?post=105178"},{"taxonomy":"post_tag","embeddable":true,"href":"http:\/\/www.tranches-de-marketing.com\/veille\/wp-json\/wp\/v2\/tags?post=105178"}],"curies":[{"name":"wp","href":"https:\/\/api.w.org\/{rel}","templated":true}]}}